{"id":1276,"date":"2012-07-01T16:55:50","date_gmt":"2012-07-01T14:55:50","guid":{"rendered":"http:\/\/www.matthiaskronlachner.com\/?p=1276"},"modified":"2026-02-24T14:13:26","modified_gmt":"2026-02-24T12:13:26","slug":"freiraumen","status":"publish","type":"post","link":"https:\/\/www.matthiaskronlachner.com\/?p=1276","title":{"rendered":"freir\u00e4umen &#8211; die politik des do-it-yourself"},"content":{"rendered":"<p><a href=\"https:\/\/www.matthiaskronlachner.com\/wp-content\/uploads\/2012\/07\/freiraeumen-plakat.jpg\"><img loading=\"lazy\" decoding=\"async\" class=\"alignright size-thumbnail wp-image-1277\" title=\"freir\u00e4umen-plakat\" src=\"https:\/\/www.matthiaskronlachner.com\/wp-content\/uploads\/2012\/07\/freiraeumen-plakat-150x150.jpg\" alt=\"\" width=\"150\" height=\"150\" \/><\/a>dokumentarfilm, 16:9 dvcprohd, stereo, 90min<\/p>\n<p>schnitt \u2013 mario hengster und andreas kurz<br \/>\ndramaturgische beratung &#8211; emily artmann<br \/>\nsounddesign \u2013 matthias kronlachner<br \/>\nfinishing \u2013 robert breber<br \/>\nkamera \u2013 mario hengster<br \/>\nregie \u2013 andreas kurz<\/p>\n<p>after the premiere of <a title=\"freir\u00e4umen homepage\" href=\"http:\/\/www.hengster.tv\/freiraeumen\/\" target=\"_blank\">freir\u00e4umen<\/a> on June, 29th the documentary movie can be seen at following locations:<\/p>\n<ul>\n<li>2nd till 6th of July 21:00 &#8211; <a href=\"http:\/\/www.schikaneder.at\/jart\/prj3\/schikaneder\/main.jart?rel=de&#038;j-dummy=active&#038;content-id=1217328196716&#038;show_produktion=1335946169391&#038;show_date=2012-06&#038;reserve-mode=active\" title=\"freir\u00e4umen im schikaneder\" target=\"_blank\">schikaneder kino<\/a>, vienna<\/li>\n<\/ul>\n<ul>\n<li>July, 20th, 21:00 &#8211; <a href=\"http:\/\/openairkino.at\/\" title=\"Sommerkino\" target=\"_blank\">sommerkino v\u00f6cklabruck<\/a><\/li>\n<\/ul>\n<ul>\n<li>from July, 27th &#8211; <a href=\"http:\/\/www.lichtspiele.com\" title=\"Lichtspiele Lenzing\" target=\"_blank\">lichtspiele lenzing<\/a><\/li>\n<\/ul>\n<ul>\n<li>July, 26th <a href=\"http:\/\/spektral.at\" title=\"Spektral Graz\" target=\"_blank\">spektral graz<\/a>, incl. discussion<\/li>\n<\/ul>\n<p><!--more--><br \/>\nfreiraum f\u00fcr kritische zeitkultur.<br \/>\nin v\u00f6cklabruck (ober\u00f6sterreich), muss jede generation von jugendlichen erneut um ihn k\u00e4mpfen,<br \/>\naber f\u00fcr ihr anliegen scheint es kein geld, kein verst\u00e4ndnis und keine r\u00e4ume zu geben.<br \/>\nviele junge leute wollen fort in die gro\u00dfen st\u00e4dte.<\/p>\n<p>2005 beschloss eine gruppe engagierter jugendlicher sich nicht mehr mit dieser<br \/>\nsituation abzufinden. sie gr\u00fcndeten den kulturverein sozialforum freiwerk<br \/>\nund veranstalteten ein dreit\u00e4giges fest:<br \/>\ndas bock ma&#8217;s benefizfestival.<\/p>\n<p>bis 2010 bildete es einen j\u00e4hrlichen h\u00f6hepunkt im kulturleben der region.<br \/>\nnun, nach dem ende dieses projekts, tritt die n\u00e4chste generation auf den plan.<br \/>\nsie sieht ihre chance in einem leerstehenden geb\u00e4ude im zentrum der stadt.<br \/>\nund weil sie nicht auf die entscheidung der politik warten wollen,<br \/>\ngreifen auch sie zur eigeninitiative.<br \/>\ndo-it-yourself.<\/p>\n<p><iframe loading=\"lazy\" title=\"offizieller Trailer &quot;freir\u00e4umen&quot;\" src=\"https:\/\/player.vimeo.com\/video\/43091504?dnt=1&amp;app_id=122963\" width=\"584\" height=\"329\" frameborder=\"0\" allow=\"autoplay; fullscreen; picture-in-picture; clipboard-write\"><\/iframe><\/p>\n","protected":false},"excerpt":{"rendered":"<p>dokumentarfilm, 16:9 dvcprohd, stereo, 90min schnitt \u2013 mario hengster und andreas kurz dramaturgische beratung &#8211; emily artmann sounddesign \u2013 matthias kronlachner finishing \u2013 robert breber kamera \u2013 mario hengster regie \u2013 andreas kurz after the premiere of freir\u00e4umen on June, &hellip; <a href=\"https:\/\/www.matthiaskronlachner.com\/?p=1276\">Continue reading <span class=\"meta-nav\">&rarr;<\/span><\/a><\/p>\n","protected":false},"author":2,"featured_media":1281,"comment_status":"closed","ping_status":"open","sticky":false,"template":"","format":"standard","meta":{"_lmt_disableupdate":"","_lmt_disable":"","_jetpack_memberships_contains_paid_content":false,"footnotes":""},"categories":[48],"tags":[67,94,92,91,90,89,93,66],"class_list":["post-1276","post","type-post","status-publish","format-standard","has-post-thumbnail","hentry","category-projects-2012","tag-andreas-kurz","tag-bock-mas","tag-cinema","tag-documentary","tag-dokumentarfilm","tag-freiraumen","tag-mario-hengster","tag-sound-design"],"modified_by":"matthias","jetpack_featured_media_url":"https:\/\/www.matthiaskronlachner.com\/wp-content\/uploads\/2012\/07\/freiraeumen-top.jpg","jetpack_sharing_enabled":true,"_links":{"self":[{"href":"https:\/\/www.matthiaskronlachner.com\/index.php?rest_route=\/wp\/v2\/posts\/1276","targetHints":{"allow":["GET"]}}],"collection":[{"href":"https:\/\/www.matthiaskronlachner.com\/index.php?rest_route=\/wp\/v2\/posts"}],"about":[{"href":"https:\/\/www.matthiaskronlachner.com\/index.php?rest_route=\/wp\/v2\/types\/post"}],"author":[{"embeddable":true,"href":"https:\/\/www.matthiaskronlachner.com\/index.php?rest_route=\/wp\/v2\/users\/2"}],"replies":[{"embeddable":true,"href":"https:\/\/www.matthiaskronlachner.com\/index.php?rest_route=%2Fwp%2Fv2%2Fcomments&post=1276"}],"version-history":[{"count":1,"href":"https:\/\/www.matthiaskronlachner.com\/index.php?rest_route=\/wp\/v2\/posts\/1276\/revisions"}],"predecessor-version":[{"id":2761,"href":"https:\/\/www.matthiaskronlachner.com\/index.php?rest_route=\/wp\/v2\/posts\/1276\/revisions\/2761"}],"wp:featuredmedia":[{"embeddable":true,"href":"https:\/\/www.matthiaskronlachner.com\/index.php?rest_route=\/wp\/v2\/media\/1281"}],"wp:attachment":[{"href":"https:\/\/www.matthiaskronlachner.com\/index.php?rest_route=%2Fwp%2Fv2%2Fmedia&parent=1276"}],"wp:term":[{"taxonomy":"category","embeddable":true,"href":"https:\/\/www.matthiaskronlachner.com\/index.php?rest_route=%2Fwp%2Fv2%2Fcategories&post=1276"},{"taxonomy":"post_tag","embeddable":true,"href":"https:\/\/www.matthiaskronlachner.com\/index.php?rest_route=%2Fwp%2Fv2%2Ftags&post=1276"}],"curies":[{"name":"wp","href":"https:\/\/api.w.org\/{rel}","templated":true}]}}